{"id":2576,"date":"2025-09-09T00:31:59","date_gmt":"2025-09-09T00:31:59","guid":{"rendered":"https:\/\/staging.obl-eupen-kettenis.be\/?p=2576"},"modified":"2025-10-31T13:19:21","modified_gmt":"2025-10-31T13:19:21","slug":"warum-gute-geschichten-wirken","status":"publish","type":"post","link":"https:\/\/obl-eupen-kettenis.be\/?p=2576","title":{"rendered":"Investitionen und Entlastung f\u00fcr Jugendsport &#8211; Stadtrat vom 8. September &#8217;25"},"content":{"rendered":"\n<p><strong>Eupener Stadtrat: Investitionen und Entlastung f\u00fcr Jugendsport<\/strong><\/p>\n\n\n\n<p>Der Eupener Stadtrat kam am 8. September 2025 zu seiner regul\u00e4ren Sitzung zusammen. Neben personellen \u00c4nderungen standen zahlreiche Beschl\u00fcsse zu Infrastruktur, Verwaltung und lokaler Vereinsf\u00f6rderung auf der Tagesordnung.<\/p>\n\n\n\n<h3 class=\"wp-block-heading\"><strong>Infrastruktur und Verkehr<\/strong><\/h3>\n\n\n\n<p>Mehrere kleinere Verkehrsanpassungen wurden beschlossen:<\/p>\n\n\n\n<ul class=\"wp-block-list\">\n<li>Einrichtung zus\u00e4tzlicher <strong>Parkpl\u00e4tze f\u00fcr Elektrofahrzeuge<\/strong> an mehreren Standorten im Stadtgebiet, darunter am Stadthaus, im Scheiblerpark und am Limburger Weg.<\/li>\n\n\n\n<li><strong>Behindertenparkplatz<\/strong> an der Heggenstra\u00dfe genehmigt.<\/li>\n\n\n\n<li>Neue <strong>Markierungen<\/strong> in der Lindenberg- und Stendrichstra\u00dfe sollen die Verkehrssicherheit verbessern und das Zuparken von Einfahrten verhindern.<\/li>\n<\/ul>\n\n\n\n<p>Zudem tritt die Stadt einer Rahmenvereinbarung mit der Interkommunalen <strong>AIDE<\/strong> zur Kanalreinigung bei, um Verfahren zu vereinfachen und Fachunternehmen effizienter beauftragen zu k\u00f6nnen.<\/p>\n\n\n\n<h3 class=\"wp-block-heading\"><strong>Investitionen und Bauprojekte<\/strong><\/h3>\n\n\n\n<p>Der Stadtrat genehmigte mehrere Beschaffungs- und Vergabeverfahren:<\/p>\n\n\n\n<ul class=\"wp-block-list\">\n<li><strong>Neues Streuger\u00e4t<\/strong> f\u00fcr den Winterdienst (31.000 \u20ac).<\/li>\n\n\n\n<li><strong>Energieaudits<\/strong> f\u00fcr das Kolpinghaus und die Grundschule Oberstadt, um Einsparpotenziale zu ermitteln (insgesamt 25.000 \u20ac).<\/li>\n\n\n\n<li><strong>Abriss<\/strong> eines nicht mehr nutzbaren Geb\u00e4udes in der Malmedyer Stra\u00dfe (52.000 \u20ac).<\/li>\n\n\n\n<li><strong>Neugestaltung des Lindenbergs<\/strong> in Kettenis als Teil der Arbeiten an der Aachener Stra\u00dfe \u2013 inklusive neuer Parkfl\u00e4chen und Begr\u00fcnung (300.000 \u20ac).<\/li>\n\n\n\n<li><strong>Instandsetzung von B\u00fcrgersteigen<\/strong> in der Weserstra\u00dfe (30.000 \u20ac).<\/li>\n<\/ul>\n\n\n\n<h3 class=\"wp-block-heading\"><strong>Vertr\u00e4ge und Immobilien<\/strong><\/h3>\n\n\n\n<p>Der neue <strong>Bushof an der Aachener Stra\u00dfe<\/strong> wird im Rahmen eines Erbpachtvertrags an den wallonischen Verkehrsbetrieb TEC \u00fcbertragen.<br>Zudem wurde der <strong>Verkauf des ehemaligen Schulgeb\u00e4udes Heidberg 2<\/strong> vorbereitet, da die Stadt dort keinen Eigenbedarf mehr sieht.<br>F\u00fcr die \u00f6ffentliche Nutzung wird eine Fl\u00e4che im Bereich <strong>Schilsweg \/ Residenz Venntor<\/strong> angekauft, um Fu\u00dfwege zwischen Scheiblerpark und Fremereygasse zu verbinden.<\/p>\n\n\n\n<h3 class=\"wp-block-heading\"><strong>Unterst\u00fctzung f\u00fcr Vereine und Jugend<\/strong><\/h3>\n\n\n\n<p>Ein Schwerpunkt der Sitzung war die <strong>finanzielle Entlastung von Jugend- und Sportvereinen<\/strong>.<br>Alle Vereine, die dem Eupener Sportbund angeschlossen sind und Kinder- oder Jugendmannschaften betreiben, werden k\u00fcnftig <strong>von Hallennutzungsgeb\u00fchren befreit<\/strong>.<br>Die Regelung gilt r\u00fcckwirkend ab dem 1. September 2025 und soll den Vereinen erm\u00f6glichen, die Mittel st\u00e4rker in Jugendarbeit, Trainerf\u00f6rderung und Pr\u00e4vention zu investieren.<br>Die Stadt \u00fcbernimmt zudem die Geb\u00fchren f\u00fcr Trainings und Wettbewerbe von Jugendmannschaften in externen Sportst\u00e4tten.<br>Die entstehenden Mindereinnahmen werden f\u00fcr das laufende Jahr auf etwa <strong>20.000 \u20ac<\/strong> gesch\u00e4tzt.<\/p>\n\n\n\n<p>Zus\u00e4tzlich erhalten mehrere lokale Vereine <strong>Sonderzusch\u00fcsse<\/strong> anl\u00e4sslich von Jubil\u00e4en oder besonderen Anl\u00e4ssen.<\/p>\n\n\n\n<h3 class=\"wp-block-heading\"><strong>Schulen und Bildung<\/strong><\/h3>\n\n\n\n<p>Drei st\u00e4dtische Grundschulen \u2013 Oberstadt, Kettenis und Unterstadt \u2013 haben ihre <strong>Schulordnungen und Schulprojekte<\/strong> \u00fcberarbeitet. Diese Dokumente regeln unter anderem Unterrichtszeiten, Kommunikation mit Eltern und p\u00e4dagogische Leitlinien.<\/p>\n\n\n\n<h3 class=\"wp-block-heading\"><strong>Nachlass und Zusch\u00fcsse<\/strong><\/h3>\n\n\n\n<p>Die Stadt nimmt ein zweckgebundenes Verm\u00e4chtnis \u00fcber <strong>70.000 \u20ac<\/strong> an. Das Geld soll f\u00fcr <strong>Wieder- und Neuaufforstungsma\u00dfnahmen<\/strong> in den st\u00e4dtischen W\u00e4ldern verwendet werden.<br>Zudem wird ein kleiner zus\u00e4tzlicher Zuschuss f\u00fcr Schwimmvereine gew\u00e4hrt, die w\u00e4hrend der Schlie\u00dfzeit des Wetzlarbads auf externe Schwimmb\u00e4der ausweichen mussten.<\/p>\n\n\n\n<hr class=\"wp-block-separator has-alpha-channel-opacity\"\/>\n\n\n\n<p><strong>Fazit:<\/strong><br>Die Stadtratssitzung stand im Zeichen administrativer Kontinuit\u00e4t und gezielter Investitionen. Besonders hervorzuheben ist die finanzielle Entlastung der Jugendarbeit, die nachhaltige Stadtentwicklung sowie die Betonung von Energieeffizienz und \u00f6ffentlichem Nutzen bei den Infrastrukturprojekten.<\/p>\n","protected":false},"excerpt":{"rendered":"<p>Eupener Stadtrat: Investitionen und Entlastung f\u00fcr Jugendsport Der Eupener Stadtrat kam am 8. September 2025 zu seiner regul\u00e4ren Sitzung zusammen. Neben personellen \u00c4nderungen standen zahlreiche Beschl\u00fcsse zu Infrastruktur, Verwaltung und lokaler Vereinsf\u00f6rderung auf der Tagesordnung. Infrastruktur und Verkehr Mehrere kleinere Verkehrsanpassungen wurden beschlossen: Zudem tritt die Stadt einer Rahmenvereinbarung mit der Interkommunalen AIDE zur Kanalreinigung [&hellip;]<\/p>\n","protected":false},"author":1,"featured_media":2609,"comment_status":"open","ping_status":"open","sticky":false,"template":"","format":"standard","meta":{"footnotes":""},"categories":[52],"tags":[],"class_list":["post-2576","post","type-post","status-publish","format-standard","has-post-thumbnail","hentry","category-news"],"_links":{"self":[{"href":"https:\/\/obl-eupen-kettenis.be\/index.php?rest_route=\/wp\/v2\/posts\/2576","targetHints":{"allow":["GET"]}}],"collection":[{"href":"https:\/\/obl-eupen-kettenis.be\/index.php?rest_route=\/wp\/v2\/posts"}],"about":[{"href":"https:\/\/obl-eupen-kettenis.be\/index.php?rest_route=\/wp\/v2\/types\/post"}],"author":[{"embeddable":true,"href":"https:\/\/obl-eupen-kettenis.be\/index.php?rest_route=\/wp\/v2\/users\/1"}],"replies":[{"embeddable":true,"href":"https:\/\/obl-eupen-kettenis.be\/index.php?rest_route=%2Fwp%2Fv2%2Fcomments&post=2576"}],"version-history":[{"count":3,"href":"https:\/\/obl-eupen-kettenis.be\/index.php?rest_route=\/wp\/v2\/posts\/2576\/revisions"}],"predecessor-version":[{"id":2843,"href":"https:\/\/obl-eupen-kettenis.be\/index.php?rest_route=\/wp\/v2\/posts\/2576\/revisions\/2843"}],"wp:featuredmedia":[{"embeddable":true,"href":"https:\/\/obl-eupen-kettenis.be\/index.php?rest_route=\/wp\/v2\/media\/2609"}],"wp:attachment":[{"href":"https:\/\/obl-eupen-kettenis.be\/index.php?rest_route=%2Fwp%2Fv2%2Fmedia&parent=2576"}],"wp:term":[{"taxonomy":"category","embeddable":true,"href":"https:\/\/obl-eupen-kettenis.be\/index.php?rest_route=%2Fwp%2Fv2%2Fcategories&post=2576"},{"taxonomy":"post_tag","embeddable":true,"href":"https:\/\/obl-eupen-kettenis.be\/index.php?rest_route=%2Fwp%2Fv2%2Ftags&post=2576"}],"curies":[{"name":"wp","href":"https:\/\/api.w.org\/{rel}","templated":true}]}}