{"id":2564,"date":"2025-08-15T00:03:08","date_gmt":"2025-08-15T00:03:08","guid":{"rendered":"https:\/\/staging.obl-eupen-kettenis.be\/?p=2564"},"modified":"2025-10-31T12:37:37","modified_gmt":"2025-10-31T12:37:37","slug":"jurgen-hezel","status":"publish","type":"post","link":"https:\/\/obl-eupen-kettenis.be\/?p=2564","title":{"rendered":"J\u00fcrgen Hezel"},"content":{"rendered":"\n<h3 class=\"wp-block-heading\">\u00dcber mich<\/h3>\n\n\n\n<p>Ich habe in den Bereichen Kriminologie\/Kriminalistik und Management studiert und bin derzeit Kriminaldirektor im Ruhestand. In Eupen genie\u00dfe ich besonders den Wald, das hohe Venn und den Marktplatz.<\/p>\n\n\n\n<h3 class=\"wp-block-heading\">Mein Engagement<\/h3>\n\n\n\n<p>Ich brenne daf\u00fcr, dass wir in unserer Stadt wieder ein Wohlf\u00fchlgef\u00fchl erleben und dass das kulturelle Leben st\u00e4rker und besser gef\u00f6rdert wird. Kritisieren ist einfach, aber mitmachen erfordert Einsatz!<\/p>\n","protected":false},"excerpt":{"rendered":"<p>\u00dcber mich Ich habe in den Bereichen Kriminologie\/Kriminalistik und Management studiert und bin derzeit Kriminaldirektor im Ruhestand. In Eupen genie\u00dfe ich besonders den Wald, das hohe Venn und den Marktplatz. Mein Engagement Ich brenne daf\u00fcr, dass wir in unserer Stadt wieder ein Wohlf\u00fchlgef\u00fchl erleben und dass das kulturelle Leben st\u00e4rker und besser gef\u00f6rdert wird. Kritisieren [&hellip;]<\/p>\n","protected":false},"author":1,"featured_media":2802,"comment_status":"open","ping_status":"open","sticky":false,"template":"","format":"standard","meta":{"footnotes":""},"categories":[48],"tags":[],"class_list":["post-2564","post","type-post","status-publish","format-standard","has-post-thumbnail","hentry","category-candidate"],"_links":{"self":[{"href":"https:\/\/obl-eupen-kettenis.be\/index.php?rest_route=\/wp\/v2\/posts\/2564","targetHints":{"allow":["GET"]}}],"collection":[{"href":"https:\/\/obl-eupen-kettenis.be\/index.php?rest_route=\/wp\/v2\/posts"}],"about":[{"href":"https:\/\/obl-eupen-kettenis.be\/index.php?rest_route=\/wp\/v2\/types\/post"}],"author":[{"embeddable":true,"href":"https:\/\/obl-eupen-kettenis.be\/index.php?rest_route=\/wp\/v2\/users\/1"}],"replies":[{"embeddable":true,"href":"https:\/\/obl-eupen-kettenis.be\/index.php?rest_route=%2Fwp%2Fv2%2Fcomments&post=2564"}],"version-history":[{"count":2,"href":"https:\/\/obl-eupen-kettenis.be\/index.php?rest_route=\/wp\/v2\/posts\/2564\/revisions"}],"predecessor-version":[{"id":2817,"href":"https:\/\/obl-eupen-kettenis.be\/index.php?rest_route=\/wp\/v2\/posts\/2564\/revisions\/2817"}],"wp:featuredmedia":[{"embeddable":true,"href":"https:\/\/obl-eupen-kettenis.be\/index.php?rest_route=\/wp\/v2\/media\/2802"}],"wp:attachment":[{"href":"https:\/\/obl-eupen-kettenis.be\/index.php?rest_route=%2Fwp%2Fv2%2Fmedia&parent=2564"}],"wp:term":[{"taxonomy":"category","embeddable":true,"href":"https:\/\/obl-eupen-kettenis.be\/index.php?rest_route=%2Fwp%2Fv2%2Fcategories&post=2564"},{"taxonomy":"post_tag","embeddable":true,"href":"https:\/\/obl-eupen-kettenis.be\/index.php?rest_route=%2Fwp%2Fv2%2Ftags&post=2564"}],"curies":[{"name":"wp","href":"https:\/\/api.w.org\/{rel}","templated":true}]}}