{"id":2501,"date":"2025-08-14T23:52:14","date_gmt":"2025-08-14T23:52:14","guid":{"rendered":"https:\/\/staging.obl-eupen-kettenis.be\/?p=2501"},"modified":"2025-10-31T13:11:49","modified_gmt":"2025-10-31T13:11:49","slug":"alain-kever","status":"publish","type":"post","link":"https:\/\/obl-eupen-kettenis.be\/?p=2501","title":{"rendered":"Alain Kever"},"content":{"rendered":"\n<h3 class=\"wp-block-heading\">\u00dcber mich<\/h3>\n\n\n\n<p>Ich habe eine Ausbildung als B\u00e4cker und Konditor sowie als Berufskraftfahrer abgeschlossen und zus\u00e4tzlich eine innerbetriebliche Fortbildung zum Speditionskaufmann absolviert. Beruflich bin ich Gesch\u00e4ftsf\u00fchrer einer Spedition. <\/p>\n\n\n\n<p>Ehrenamtlich engagiere ich mich in der Eupener Maiennacht und im Karnevalsverein &#8220;De Baah Nasen&#8221;.<\/p>\n\n\n\n<p>Meine Lieblingsorte in Eupen sind die Schwarze Br\u00fccke und der Marktplatz.<\/p>\n\n\n\n<h3 class=\"wp-block-heading\">Mein Engagement<\/h3>\n\n\n\n<p>Eupen ist eine wunderbare Stadt zum Leben. Lasst uns gemeinsam daran arbeiten, diese Lebensqualit\u00e4t f\u00fcr alle Generationen noch zu verbessern. <\/p>\n","protected":false},"excerpt":{"rendered":"<p>\u00dcber mich Ich habe eine Ausbildung als B\u00e4cker und Konditor sowie als Berufskraftfahrer abgeschlossen und zus\u00e4tzlich eine innerbetriebliche Fortbildung zum Speditionskaufmann absolviert. Beruflich bin ich Gesch\u00e4ftsf\u00fchrer einer Spedition. Ehrenamtlich engagiere ich mich in der Eupener Maiennacht und im Karnevalsverein &#8220;De Baah Nasen&#8221;. Meine Lieblingsorte in Eupen sind die Schwarze Br\u00fccke und der Marktplatz. Mein Engagement [&hellip;]<\/p>\n","protected":false},"author":1,"featured_media":2797,"comment_status":"open","ping_status":"open","sticky":false,"template":"","format":"standard","meta":{"footnotes":""},"categories":[48],"tags":[],"class_list":["post-2501","post","type-post","status-publish","format-standard","has-post-thumbnail","hentry","category-candidate"],"_links":{"self":[{"href":"https:\/\/obl-eupen-kettenis.be\/index.php?rest_route=\/wp\/v2\/posts\/2501","targetHints":{"allow":["GET"]}}],"collection":[{"href":"https:\/\/obl-eupen-kettenis.be\/index.php?rest_route=\/wp\/v2\/posts"}],"about":[{"href":"https:\/\/obl-eupen-kettenis.be\/index.php?rest_route=\/wp\/v2\/types\/post"}],"author":[{"embeddable":true,"href":"https:\/\/obl-eupen-kettenis.be\/index.php?rest_route=\/wp\/v2\/users\/1"}],"replies":[{"embeddable":true,"href":"https:\/\/obl-eupen-kettenis.be\/index.php?rest_route=%2Fwp%2Fv2%2Fcomments&post=2501"}],"version-history":[{"count":3,"href":"https:\/\/obl-eupen-kettenis.be\/index.php?rest_route=\/wp\/v2\/posts\/2501\/revisions"}],"predecessor-version":[{"id":2840,"href":"https:\/\/obl-eupen-kettenis.be\/index.php?rest_route=\/wp\/v2\/posts\/2501\/revisions\/2840"}],"wp:featuredmedia":[{"embeddable":true,"href":"https:\/\/obl-eupen-kettenis.be\/index.php?rest_route=\/wp\/v2\/media\/2797"}],"wp:attachment":[{"href":"https:\/\/obl-eupen-kettenis.be\/index.php?rest_route=%2Fwp%2Fv2%2Fmedia&parent=2501"}],"wp:term":[{"taxonomy":"category","embeddable":true,"href":"https:\/\/obl-eupen-kettenis.be\/index.php?rest_route=%2Fwp%2Fv2%2Fcategories&post=2501"},{"taxonomy":"post_tag","embeddable":true,"href":"https:\/\/obl-eupen-kettenis.be\/index.php?rest_route=%2Fwp%2Fv2%2Ftags&post=2501"}],"curies":[{"name":"wp","href":"https:\/\/api.w.org\/{rel}","templated":true}]}}