{"id":2494,"date":"2025-08-14T23:53:23","date_gmt":"2025-08-14T23:53:23","guid":{"rendered":"https:\/\/staging.obl-eupen-kettenis.be\/?p=2494"},"modified":"2025-10-31T12:55:23","modified_gmt":"2025-10-31T12:55:23","slug":"daniel-franken","status":"publish","type":"post","link":"https:\/\/obl-eupen-kettenis.be\/?p=2494","title":{"rendered":"Daniel Franken"},"content":{"rendered":"\n<h3 class=\"wp-block-heading\">\u00dcber mich<\/h3>\n\n\n\n<p>Beruflich bin ich besch\u00e4ftigt bei RCYCL VoG. Neben meiner beruflichen T\u00e4tigkeit engagiere ich mich ehrenamtlich im Chor Musica Cantica und in der Entwicklungshilfe in Nordafrika. Mein Lieblingsort in Eupen sind die wundersch\u00f6nen Waldgebiete, die Talsperre und die Terrassen der Stadt. <\/p>\n\n\n\n<h3 class=\"wp-block-heading\">Mein Engagement<\/h3>\n\n\n\n<p>Eupen ist nicht nur mein Zuhause, sondern auch voller Geschichte, Kultur und Gemeinschaft. Lasst uns gemeinsam f\u00fcr ein starkes Eupen sorgen. <\/p>\n","protected":false},"excerpt":{"rendered":"<p>\u00dcber mich Beruflich bin ich besch\u00e4ftigt bei RCYCL VoG. Neben meiner beruflichen T\u00e4tigkeit engagiere ich mich ehrenamtlich im Chor Musica Cantica und in der Entwicklungshilfe in Nordafrika. Mein Lieblingsort in Eupen sind die wundersch\u00f6nen Waldgebiete, die Talsperre und die Terrassen der Stadt. Mein Engagement Eupen ist nicht nur mein Zuhause, sondern auch voller Geschichte, Kultur [&hellip;]<\/p>\n","protected":false},"author":1,"featured_media":2799,"comment_status":"open","ping_status":"open","sticky":false,"template":"","format":"standard","meta":{"footnotes":""},"categories":[48],"tags":[],"class_list":["post-2494","post","type-post","status-publish","format-standard","has-post-thumbnail","hentry","category-candidate"],"_links":{"self":[{"href":"https:\/\/obl-eupen-kettenis.be\/index.php?rest_route=\/wp\/v2\/posts\/2494","targetHints":{"allow":["GET"]}}],"collection":[{"href":"https:\/\/obl-eupen-kettenis.be\/index.php?rest_route=\/wp\/v2\/posts"}],"about":[{"href":"https:\/\/obl-eupen-kettenis.be\/index.php?rest_route=\/wp\/v2\/types\/post"}],"author":[{"embeddable":true,"href":"https:\/\/obl-eupen-kettenis.be\/index.php?rest_route=\/wp\/v2\/users\/1"}],"replies":[{"embeddable":true,"href":"https:\/\/obl-eupen-kettenis.be\/index.php?rest_route=%2Fwp%2Fv2%2Fcomments&post=2494"}],"version-history":[{"count":2,"href":"https:\/\/obl-eupen-kettenis.be\/index.php?rest_route=\/wp\/v2\/posts\/2494\/revisions"}],"predecessor-version":[{"id":2832,"href":"https:\/\/obl-eupen-kettenis.be\/index.php?rest_route=\/wp\/v2\/posts\/2494\/revisions\/2832"}],"wp:featuredmedia":[{"embeddable":true,"href":"https:\/\/obl-eupen-kettenis.be\/index.php?rest_route=\/wp\/v2\/media\/2799"}],"wp:attachment":[{"href":"https:\/\/obl-eupen-kettenis.be\/index.php?rest_route=%2Fwp%2Fv2%2Fmedia&parent=2494"}],"wp:term":[{"taxonomy":"category","embeddable":true,"href":"https:\/\/obl-eupen-kettenis.be\/index.php?rest_route=%2Fwp%2Fv2%2Fcategories&post=2494"},{"taxonomy":"post_tag","embeddable":true,"href":"https:\/\/obl-eupen-kettenis.be\/index.php?rest_route=%2Fwp%2Fv2%2Ftags&post=2494"}],"curies":[{"name":"wp","href":"https:\/\/api.w.org\/{rel}","templated":true}]}}