{"id":2493,"date":"2025-08-14T23:57:24","date_gmt":"2025-08-14T23:57:24","guid":{"rendered":"https:\/\/staging.obl-eupen-kettenis.be\/?p=2493"},"modified":"2025-10-31T12:59:53","modified_gmt":"2025-10-31T12:59:53","slug":"colin-kraft","status":"publish","type":"post","link":"https:\/\/obl-eupen-kettenis.be\/?p=2493","title":{"rendered":"Colin Kraft"},"content":{"rendered":"\n<h3 class=\"wp-block-heading\">\u00dcber mich<\/h3>\n\n\n\n<p>Ich habe einen Magister (M.A.) in Politischer Wissenschaft, Deutsche Literatur sowie Wirtschafts- und Sozialgeschichte von der RWTH Aachen. Zus\u00e4tzlich habe ich eine Ausbildung im Bereich Journalismus, Redenschreiben und Eventmarketing abgeschlossen. <\/p>\n\n\n\n<p>Beruflich bin ich als Sekundarschullehrer, Unternehmer und Unternehmensberater t\u00e4tig. <\/p>\n\n\n\n<p>Ehrenamtlich engagiere ich mich beim RRC Kettenis und bin Pr\u00e4sident des Dachmarkenbeirates &#8220;Made in Ostbelgien&#8221;<\/p>\n\n\n\n<h3 class=\"wp-block-heading\">Mein Engagement<\/h3>\n\n\n\n<p>Die Erfahrung als DG-Parlamentarier in der Corona-Zeit hat mir gezeigt, dass wirklich alles m\u00f6glich ist. Man muss nicht nur wollen und handeln. Ich m\u00f6chte handeln &#8211; f\u00fcr Eupen, aus Liebe zur Stadt.<\/p>\n","protected":false},"excerpt":{"rendered":"<p>\u00dcber mich Ich habe einen Magister (M.A.) in Politischer Wissenschaft, Deutsche Literatur sowie Wirtschafts- und Sozialgeschichte von der RWTH Aachen. Zus\u00e4tzlich habe ich eine Ausbildung im Bereich Journalismus, Redenschreiben und Eventmarketing abgeschlossen. Beruflich bin ich als Sekundarschullehrer, Unternehmer und Unternehmensberater t\u00e4tig. Ehrenamtlich engagiere ich mich beim RRC Kettenis und bin Pr\u00e4sident des Dachmarkenbeirates &#8220;Made in [&hellip;]<\/p>\n","protected":false},"author":1,"featured_media":2789,"comment_status":"open","ping_status":"open","sticky":false,"template":"","format":"standard","meta":{"footnotes":""},"categories":[48],"tags":[49],"class_list":["post-2493","post","type-post","status-publish","format-standard","has-post-thumbnail","hentry","category-candidate","tag-stadtrat"],"_links":{"self":[{"href":"https:\/\/obl-eupen-kettenis.be\/index.php?rest_route=\/wp\/v2\/posts\/2493","targetHints":{"allow":["GET"]}}],"collection":[{"href":"https:\/\/obl-eupen-kettenis.be\/index.php?rest_route=\/wp\/v2\/posts"}],"about":[{"href":"https:\/\/obl-eupen-kettenis.be\/index.php?rest_route=\/wp\/v2\/types\/post"}],"author":[{"embeddable":true,"href":"https:\/\/obl-eupen-kettenis.be\/index.php?rest_route=\/wp\/v2\/users\/1"}],"replies":[{"embeddable":true,"href":"https:\/\/obl-eupen-kettenis.be\/index.php?rest_route=%2Fwp%2Fv2%2Fcomments&post=2493"}],"version-history":[{"count":2,"href":"https:\/\/obl-eupen-kettenis.be\/index.php?rest_route=\/wp\/v2\/posts\/2493\/revisions"}],"predecessor-version":[{"id":2835,"href":"https:\/\/obl-eupen-kettenis.be\/index.php?rest_route=\/wp\/v2\/posts\/2493\/revisions\/2835"}],"wp:featuredmedia":[{"embeddable":true,"href":"https:\/\/obl-eupen-kettenis.be\/index.php?rest_route=\/wp\/v2\/media\/2789"}],"wp:attachment":[{"href":"https:\/\/obl-eupen-kettenis.be\/index.php?rest_route=%2Fwp%2Fv2%2Fmedia&parent=2493"}],"wp:term":[{"taxonomy":"category","embeddable":true,"href":"https:\/\/obl-eupen-kettenis.be\/index.php?rest_route=%2Fwp%2Fv2%2Fcategories&post=2493"},{"taxonomy":"post_tag","embeddable":true,"href":"https:\/\/obl-eupen-kettenis.be\/index.php?rest_route=%2Fwp%2Fv2%2Ftags&post=2493"}],"curies":[{"name":"wp","href":"https:\/\/api.w.org\/{rel}","templated":true}]}}