{"id":2492,"date":"2025-08-14T23:53:02","date_gmt":"2025-08-14T23:53:02","guid":{"rendered":"https:\/\/staging.obl-eupen-kettenis.be\/?p=2492"},"modified":"2025-10-31T13:02:15","modified_gmt":"2025-10-31T13:02:15","slug":"caroline-voll","status":"publish","type":"post","link":"https:\/\/obl-eupen-kettenis.be\/?p=2492","title":{"rendered":"Caroline V\u00f6ll"},"content":{"rendered":"\n<h3 class=\"wp-block-heading\">\u00dcber mich<\/h3>\n\n\n\n<p>Ich habe eine Ausbildung zur Goldschmiedegesellin abgeschlossen und das Abitur abgelegt. Beruflich arbeite ich als Verwaltungsangestellte mit Schwerpunkte auf Buchhaltung und Personal. <\/p>\n\n\n\n<p>In meiner Freizeit spiele ich Klavier und t\u00f6pfere gerne. Au\u00dferdem bin ich Mutter von drei Kindern und engagiere mich im Karnevalsverein sowie in Kreativkursen. <\/p>\n\n\n\n<p>Mein Lieblingsort in Eupen ist der Eupener Wald, und ich genie\u00dfe Kunst und B\u00fchnenauff\u00fchrungen. <\/p>\n\n\n\n<h3 class=\"wp-block-heading\">Mein Engagement<\/h3>\n\n\n\n<p>Ich m\u00f6chte, dass die Menschen in Eupen zufriedener und optimistischer auf ihre Stadt blicken. Es ist wichtiger, unser Gemeinschaftsf\u00fchl zu st\u00e4rken, damit sich jeder mit seiner Gemeinde identifizieren und konstruktiv einbringen kann. <\/p>\n","protected":false},"excerpt":{"rendered":"<p>\u00dcber mich Ich habe eine Ausbildung zur Goldschmiedegesellin abgeschlossen und das Abitur abgelegt. Beruflich arbeite ich als Verwaltungsangestellte mit Schwerpunkte auf Buchhaltung und Personal. In meiner Freizeit spiele ich Klavier und t\u00f6pfere gerne. Au\u00dferdem bin ich Mutter von drei Kindern und engagiere mich im Karnevalsverein sowie in Kreativkursen. Mein Lieblingsort in Eupen ist der Eupener [&hellip;]<\/p>\n","protected":false},"author":1,"featured_media":2788,"comment_status":"open","ping_status":"open","sticky":false,"template":"","format":"standard","meta":{"footnotes":""},"categories":[48],"tags":[50,49],"class_list":["post-2492","post","type-post","status-publish","format-standard","has-post-thumbnail","hentry","category-candidate","tag-schoffe","tag-stadtrat"],"_links":{"self":[{"href":"https:\/\/obl-eupen-kettenis.be\/index.php?rest_route=\/wp\/v2\/posts\/2492","targetHints":{"allow":["GET"]}}],"collection":[{"href":"https:\/\/obl-eupen-kettenis.be\/index.php?rest_route=\/wp\/v2\/posts"}],"about":[{"href":"https:\/\/obl-eupen-kettenis.be\/index.php?rest_route=\/wp\/v2\/types\/post"}],"author":[{"embeddable":true,"href":"https:\/\/obl-eupen-kettenis.be\/index.php?rest_route=\/wp\/v2\/users\/1"}],"replies":[{"embeddable":true,"href":"https:\/\/obl-eupen-kettenis.be\/index.php?rest_route=%2Fwp%2Fv2%2Fcomments&post=2492"}],"version-history":[{"count":2,"href":"https:\/\/obl-eupen-kettenis.be\/index.php?rest_route=\/wp\/v2\/posts\/2492\/revisions"}],"predecessor-version":[{"id":2837,"href":"https:\/\/obl-eupen-kettenis.be\/index.php?rest_route=\/wp\/v2\/posts\/2492\/revisions\/2837"}],"wp:featuredmedia":[{"embeddable":true,"href":"https:\/\/obl-eupen-kettenis.be\/index.php?rest_route=\/wp\/v2\/media\/2788"}],"wp:attachment":[{"href":"https:\/\/obl-eupen-kettenis.be\/index.php?rest_route=%2Fwp%2Fv2%2Fmedia&parent=2492"}],"wp:term":[{"taxonomy":"category","embeddable":true,"href":"https:\/\/obl-eupen-kettenis.be\/index.php?rest_route=%2Fwp%2Fv2%2Fcategories&post=2492"},{"taxonomy":"post_tag","embeddable":true,"href":"https:\/\/obl-eupen-kettenis.be\/index.php?rest_route=%2Fwp%2Fv2%2Ftags&post=2492"}],"curies":[{"name":"wp","href":"https:\/\/api.w.org\/{rel}","templated":true}]}}